{"id":8692,"date":"2026-08-27T07:49:33","date_gmt":"2026-08-27T05:49:33","guid":{"rendered":"https:\/\/vpc.lv\/?p=8692"},"modified":"2026-08-27T07:51:36","modified_gmt":"2026-08-27T05:51:36","slug":"pakalpojumu-attistibas-ekspertu-i-cloned","status":"publish","type":"post","link":"https:\/\/vpc.lv\/en\/pakalpojumu-attistibas-ekspertu-i-cloned\/","title":{"rendered":"Galveno gr\u0101matvedi"},"content":{"rendered":"<div class=\"fusion-fullwidth fullwidth-box fusion-builder-row-1 fusion-flex-container has-pattern-background has-mask-background fusion-parallax-none nonhundred-percent-fullwidth non-hundred-percent-height-scrolling\" style=\"--awb-border-radius-top-left:0px;--awb-border-radius-top-right:0px;--awb-border-radius-bottom-right:0px;--awb-border-radius-bottom-left:0px;--awb-padding-top:20px;--awb-padding-bottom:70px;--awb-background-image:url(&quot;https:\/\/vpc.lv\/wp-content\/uploads\/2025\/02\/KBE_Curatorpdf_feb2025_JPG60_NVApdf.svg&quot;);--awb-background-size:cover;--awb-flex-wrap:wrap;\" ><div class=\"fusion-builder-row fusion-row fusion-flex-align-items-flex-start fusion-flex-content-wrap\" style=\"max-width:1248px;margin-left: calc(-4% \/ 2 );margin-right: calc(-4% \/ 2 );\"><div class=\"fusion-layout-column fusion_builder_column fusion-builder-column-0 fusion_builder_column_1_1 1_1 fusion-flex-column\" style=\"--awb-bg-size:cover;--awb-width-large:100%;--awb-margin-top-large:0px;--awb-spacing-right-large:40px;--awb-margin-bottom-large:20px;--awb-spacing-left-large:40px;--awb-width-medium:100%;--awb-order-medium:0;--awb-spacing-right-medium:40px;--awb-spacing-left-medium:40px;--awb-width-small:100%;--awb-order-small:0;--awb-spacing-right-small:1.92%;--awb-spacing-left-small:1.92%;\" data-scroll-devices=\"small-visibility,medium-visibility,large-visibility\"><div class=\"fusion-column-wrapper fusion-column-has-shadow fusion-flex-justify-content-flex-start fusion-content-layout-column\"><div class=\"fusion-text fusion-text-1 fusion-text-no-margin\" style=\"--awb-font-size:30px;--awb-line-height:1.4em;--awb-letter-spacing:-0.3px;--awb-text-color:#0b7a66;--awb-margin-bottom:0px;--awb-text-font-family:&quot;Outfit&quot;;--awb-text-font-style:normal;--awb-text-font-weight:600;\"><p style=\"text-align: center;\">Augst\u0101k\u0101s izgl\u012bt\u012bbas un zin\u0101tnes IT koplieto\u0161anas pakalpojumu centrs<\/p>\n<\/div><div class=\"fusion-text fusion-text-2\" style=\"--awb-font-size:22px;--awb-line-height:1.55em;--awb-letter-spacing:-0.3px;--awb-text-color:#213034;--awb-text-font-family:&quot;Outfit&quot;;--awb-text-font-style:normal;--awb-text-font-weight:500;\"><p style=\"text-align: center;\">aicina pievienoties<\/p>\n<\/div><div class=\"fusion-text fusion-text-3 fusion-text-no-margin\" style=\"--awb-font-size:45px;--awb-line-height:0.9em;--awb-letter-spacing:-0.3px;--awb-text-color:#213034;--awb-margin-bottom:20px;--awb-text-font-family:&quot;Outfit&quot;;--awb-text-font-style:normal;--awb-text-font-weight:600;\"><p class=\"p1\" style=\"text-align: center;\">Galveno gr\u0101matvedi<\/p>\n<\/div><div class=\"fusion-text fusion-text-4 fusion-text-no-margin\" style=\"--awb-font-size:19px;--awb-line-height:1.4em;--awb-letter-spacing:-0.3px;--awb-margin-bottom:10px;--awb-text-font-family:&quot;Outfit&quot;;--awb-text-font-style:normal;--awb-text-font-weight:500;\"><p style=\"text-align: center;\">(uz noteiktu laiku l\u012bdz 2029.\u00a0gada 30.\u00a0novembrim)<\/p>\n<\/div><div class=\"fusion-text fusion-text-5 fusion-text-no-margin\" style=\"--awb-font-size:19px;--awb-line-height:1.4em;--awb-letter-spacing:-0.3px;--awb-margin-bottom:10px;--awb-text-font-family:&quot;Outfit&quot;;--awb-text-font-style:normal;--awb-text-font-weight:500;\"><p style=\"text-align: center;\">Pilna laika darbs kl\u0101tien\u0113, Kri\u0161j\u0101\u0146a Valdem\u0101ra iel\u0101 8-10, R\u012bg\u0101<\/p>\n<\/div><div class=\"fusion-text fusion-text-6 fusion-text-no-margin\" style=\"--awb-font-size:30px;--awb-line-height:0.9em;--awb-letter-spacing:-0.3px;--awb-text-color:#0b7a66;--awb-margin-bottom:0px;--awb-text-font-family:&quot;Outfit&quot;;--awb-text-font-style:normal;--awb-text-font-weight:500;\"><p>M\u0113s Tev uztic\u0113sim<\/p>\n<\/div><div class=\"fusion-text fusion-text-7\" style=\"--awb-font-size:19px;--awb-line-height:1.4em;--awb-letter-spacing:-0.3px;--awb-text-color:#5d6e71;--awb-text-font-family:&quot;Outfit&quot;;--awb-text-font-style:normal;--awb-text-font-weight:400;\"><ul>\n<li>Nodro\u0161in\u0101t pilna cikla gr\u0101matved\u012bbas uzskaiti un finan\u0161u p\u0101rskatu sagatavo\u0161anu<\/li>\n<li>Darba algu un saist\u012bto nodok\u013cu apr\u0113\u0137in\u0101\u0161anu<\/li>\n<li>Sagatavot un iesniegt atskaites un deklar\u0101cijas valsts iest\u0101d\u0113m<\/li>\n<li>Nodro\u0161in\u0101t bankas maks\u0101jumu sagatavo\u0161anu un kontroli<\/li>\n<li>Veikt naudas pl\u016bsmas un bud\u017eeta izpildes uzskaiti; datu sagatavo\u0161anu finan\u0161u anal\u012bzei<\/li>\n<li>Pl\u0101not un uzraudz\u012bt bud\u017eetu, naudas pl\u016bsmu un finan\u0161u prognozes<\/li>\n<li>Sagatavot finan\u0161u p\u0101rskatus ES fondu un citu projektu ietvaros<\/li>\n<li>Vad\u012bt gada un ceturk\u0161\u0146a finan\u0161u p\u0101rskatu sagatavo\u0161anu, k\u0101 ar\u012b sadarb\u012bbu ar auditorium, rev\u012bzijas komisiju un uzraugo\u0161aj\u0101m instit\u016bcij\u0101m<\/li>\n<li>Pilnveidot gr\u0101matved\u012bbas procesus un uzskaites sist\u0113mas<\/li>\n<\/ul>\n<\/div><div class=\"fusion-text fusion-text-8 fusion-text-no-margin\" style=\"--awb-font-size:30px;--awb-line-height:0.9em;--awb-letter-spacing:-0.3px;--awb-text-color:#0b7a66;--awb-margin-bottom:0px;--awb-text-font-family:&quot;Outfit&quot;;--awb-text-font-style:normal;--awb-text-font-weight:500;\"><p>M\u0113s sagaid\u0101m<\/p>\n<\/div><div class=\"fusion-text fusion-text-9\" style=\"--awb-font-size:19px;--awb-line-height:1.4em;--awb-letter-spacing:-0.3px;--awb-text-color:#5d6e71;--awb-text-font-family:&quot;Outfit&quot;;--awb-text-font-style:normal;--awb-text-font-weight:400;\"><ul>\n<li>Augst\u0101ko izgl\u012bt\u012bbu finan\u0161u vad\u012bb\u0101, gr\u0101matved\u012bb\u0101, ekonomik\u0101 vai l\u012bdz\u012bg\u0101 jom\u0101<\/li>\n<li>Pieredzi ES fondu projektu finan\u0161u pl\u0101no\u0161an\u0101 un uzskait\u0113<\/li>\n<li>Pieredzi galven\u0101 gr\u0101matve\u017ea amat\u0101<\/li>\n<li>Zin\u0101\u0161anas par Latvijas Republikas gr\u0101matved\u012bbas un nodok\u013cu likumdo\u0161anu<\/li>\n<li>Labas MS Office un Horizon lieto\u0161anas prasmes<\/li>\n<li>Teicamas latvie\u0161u valodas zin\u0101\u0161anas (ang\u013cu valodas prasmes profesion\u0101l\u0101s inform\u0101cijas un dokumentu izpratnei)<\/li>\n<li>Atbild\u012bgu, prec\u012bzu un anal\u012btisku pieeju darbam<\/li>\n<li>Precizit\u0101ti, anal\u012btisku dom\u0101\u0161anu un sp\u0113ju patst\u0101v\u012bgi organiz\u0113t darbu un sadarboties ar kol\u0113\u0123ie<\/li>\n<\/ul>\n<\/div><div class=\"fusion-text fusion-text-10 fusion-text-no-margin\" style=\"--awb-font-size:30px;--awb-line-height:0.9em;--awb-letter-spacing:-0.3px;--awb-text-color:#0b7a66;--awb-margin-bottom:0px;--awb-text-font-family:&quot;Outfit&quot;;--awb-text-font-style:normal;--awb-text-font-weight:500;\"><p>M\u0113s pied\u0101v\u0101jam<\/p>\n<\/div><div class=\"fusion-text fusion-text-11\" style=\"--awb-font-size:19px;--awb-line-height:1.4em;--awb-letter-spacing:-0.3px;--awb-text-color:#5d6e71;--awb-text-font-family:&quot;Outfit&quot;;--awb-text-font-style:normal;--awb-text-font-weight:400;\"><ul>\n<li>M\u0113n\u0161algu no 3000 EUR pirms nodok\u013cu nomaksas, atkar\u012bb\u0101 no profesion\u0101l\u0101s pieredzes un prasm\u0113m<\/li>\n<li>Vesel\u012bbas apdro\u0161in\u0101\u0161anu p\u0113c p\u0101rbaudes laika<\/li>\n<li>Profesion\u0101l\u0101s izaugsmes iesp\u0113jas<\/li>\n<\/ul>\n<\/div><div class=\"fusion-text fusion-text-12\"><p>Links uz <a href=\"https:\/\/www.cv.lv\/lv\/vacancy\/1646405\/augstakas-izglitibas-un-zinatnes-informacijas-tehnologijas-koplietosanas-pakalpojumu-centrs\/galvenais-a-gramatvedis-e?sharing=1442371\">CV.LV<\/a><\/p>\n<\/div><\/div><\/div><div class=\"fusion-layout-column fusion_builder_column fusion-builder-column-1 fusion_builder_column_2_3 2_3 fusion-flex-column\" style=\"--awb-bg-size:cover;--awb-width-large:66.666666666667%;--awb-margin-top-large:0px;--awb-spacing-right-large:2.88%;--awb-margin-bottom-large:20px;--awb-spacing-left-large:2.88%;--awb-width-medium:66.666666666667%;--awb-order-medium:0;--awb-spacing-right-medium:2.88%;--awb-spacing-left-medium:2.88%;--awb-width-small:100%;--awb-order-small:0;--awb-spacing-right-small:1.92%;--awb-spacing-left-small:1.92%;\"><div class=\"fusion-column-wrapper fusion-column-has-shadow fusion-flex-justify-content-flex-start fusion-content-layout-column\"><div class=\"fusion-text fusion-text-13\" style=\"--awb-font-size:22px;--awb-line-height:1.4em;--awb-letter-spacing:-0.3px;--awb-text-color:#213034;--awb-text-font-family:&quot;Outfit&quot;;--awb-text-font-style:normal;--awb-text-font-weight:500;\"><p>Lai pievienotos m\u016bsu komandai, s\u016bti motiv\u0101cijas v\u0113stuli un CV uz &#100;&#97;&#x72;b&#115;&#x40;&#x76;p&#99;&#x2e;&#x6c;v l\u012bdz 2026. gada 9. septembrim ar nor\u0101di \u201cGalvenais gr\u0101matvedis\u201d<\/p>\n<\/div><div class=\"fusion-text fusion-text-14\" style=\"--awb-font-size:19px;--awb-line-height:1.4em;--awb-letter-spacing:-0.3px;--awb-text-color:#5d6e71;--awb-text-font-family:&quot;Outfit&quot;;--awb-text-font-style:normal;--awb-text-font-weight:400;\"><p>Pieteikuma dokumentos nor\u0101d\u012btie personas dati tiks apstr\u0101d\u0101ti, lai nodro\u0161in\u0101tu atlases konkursa norisi, un personas datu apstr\u0101des p\u0101rzinis ir biedr\u012bba Augst\u0101k\u0101s izgl\u012bt\u012bbas un zin\u0101tnes IT koplieto\u0161anas pakalpojumu centrs<\/p>\n<\/div><\/div><\/div><div class=\"fusion-layout-column fusion_builder_column fusion-builder-column-2 fusion_builder_column_1_3 1_3 fusion-flex-column fusion-flex-align-self-flex-end\" style=\"--awb-bg-size:cover;--awb-width-large:33.333333333333%;--awb-margin-top-large:0px;--awb-spacing-right-large:5.76%;--awb-margin-bottom-large:20px;--awb-spacing-left-large:5.76%;--awb-width-medium:33.333333333333%;--awb-order-medium:0;--awb-spacing-right-medium:5.76%;--awb-spacing-left-medium:5.76%;--awb-width-small:100%;--awb-order-small:0;--awb-spacing-right-small:1.92%;--awb-spacing-left-small:1.92%;\" data-scroll-devices=\"small-visibility,medium-visibility,large-visibility\"><div class=\"fusion-column-wrapper fusion-column-has-shadow fusion-flex-justify-content-center fusion-content-layout-column\"><div class=\"fusion-image-element\" style=\"--awb-caption-title-font-family:var(--h2_typography-font-family);--awb-caption-title-font-weight:var(--h2_typography-font-weight);--awb-caption-title-font-style:var(--h2_typography-font-style);--awb-caption-title-size:var(--h2_typography-font-size);--awb-caption-title-transform:var(--h2_typography-text-transform);--awb-caption-title-line-height:var(--h2_typography-line-height);--awb-caption-title-letter-spacing:var(--h2_typography-letter-spacing);\"><span class=\" fusion-imageframe imageframe-none imageframe-1 hover-type-none\"><img decoding=\"async\" width=\"354\" height=\"225\" title=\"Logo w text (1)\" src=\"https:\/\/vpc.lv\/wp-content\/uploads\/2025\/02\/Logo-w-text-1.svg\" alt class=\"img-responsive wp-image-4053\"\/><\/span><\/div><\/div><\/div><\/div><\/div>\n","protected":false},"excerpt":{"rendered":"<p>Lai pievienotos m\u016bsu komandai, s\u016bti motiv\u0101cijas v\u0113stuli un CV uz &#100;&#x61;r&#98;&#x73;&#64;&#x76;&#x70;&#99;&#x2e;l&#118; l\u012bdz 2026. gada 9. septembrim ar nor\u0101di \u201cGalvenais gr\u0101matvedis\u201d<\/p>\n","protected":false},"author":9,"featured_media":0,"comment_status":"open","ping_status":"open","sticky":false,"template":"","format":"standard","meta":{"footnotes":""},"categories":[37],"tags":[],"class_list":["post-8692","post","type-post","status-publish","format-standard","hentry","category-darba-sludinajumi"],"_links":{"self":[{"href":"https:\/\/vpc.lv\/en\/wp-json\/wp\/v2\/posts\/8692","targetHints":{"allow":["GET"]}}],"collection":[{"href":"https:\/\/vpc.lv\/en\/wp-json\/wp\/v2\/posts"}],"about":[{"href":"https:\/\/vpc.lv\/en\/wp-json\/wp\/v2\/types\/post"}],"author":[{"embeddable":true,"href":"https:\/\/vpc.lv\/en\/wp-json\/wp\/v2\/users\/9"}],"replies":[{"embeddable":true,"href":"https:\/\/vpc.lv\/en\/wp-json\/wp\/v2\/comments?post=8692"}],"version-history":[{"count":4,"href":"https:\/\/vpc.lv\/en\/wp-json\/wp\/v2\/posts\/8692\/revisions"}],"predecessor-version":[{"id":8701,"href":"https:\/\/vpc.lv\/en\/wp-json\/wp\/v2\/posts\/8692\/revisions\/8701"}],"wp:attachment":[{"href":"https:\/\/vpc.lv\/en\/wp-json\/wp\/v2\/media?parent=8692"}],"wp:term":[{"taxonomy":"category","embeddable":true,"href":"https:\/\/vpc.lv\/en\/wp-json\/wp\/v2\/categories?post=8692"},{"taxonomy":"post_tag","embeddable":true,"href":"https:\/\/vpc.lv\/en\/wp-json\/wp\/v2\/tags?post=8692"}],"curies":[{"name":"wp","href":"https:\/\/api.w.org\/{rel}","templated":true}]}}